{"id":6550,"date":"2024-04-17T22:32:57","date_gmt":"2024-04-17T20:32:57","guid":{"rendered":"https:\/\/chia-cundinamarca.gov.co\/web\/?p=6550"},"modified":"2024-04-17T22:53:48","modified_gmt":"2024-04-17T20:53:48","slug":"las-medidas-que-tomara-chia-durante-su-turno-de-racionamiento","status":"publish","type":"post","link":"https:\/\/chia-cundinamarca.gov.co\/web\/2024\/04\/las-medidas-que-tomara-chia-durante-su-turno-de-racionamiento\/","title":{"rendered":"Las medidas que tomar\u00e1 Ch\u00eda durante su turno de racionamiento"},"content":{"rendered":"\t\t<div data-elementor-type=\"wp-post\" data-elementor-id=\"6550\" class=\"elementor elementor-6550\" data-elementor-post-type=\"post\">\n\t\t\t\t<div class=\"elementor-element elementor-element-637e477 e-flex e-con-boxed e-con e-parent\" data-id=\"637e477\" data-element_type=\"container\" data-e-type=\"container\">\n\t\t\t\t\t<div class=\"e-con-inner\">\n\t\t\t\t<div class=\"elementor-element elementor-element-d1dfad3 elementor-widget elementor-widget-heading\" data-id=\"d1dfad3\" data-element_type=\"widget\" data-e-type=\"widget\" data-widget_type=\"heading.default\">\n\t\t\t\t\t<h2 class=\"elementor-heading-title elementor-size-default\">Las medidas que tomar\u00e1 Ch\u00eda durante su turno de racionamiento<\/h2>\t\t\t\t<\/div>\n\t\t\t\t<div class=\"elementor-element elementor-element-04ebf40 elementor-widget elementor-widget-image\" data-id=\"04ebf40\" data-element_type=\"widget\" data-e-type=\"widget\" data-widget_type=\"image.default\">\n\t\t\t\t\t\t\t\t\t\t\t\t\t\t\t<img fetchpriority=\"high\" decoding=\"async\" width=\"800\" height=\"600\" src=\"https:\/\/chia-cundinamarca.gov.co\/web\/wp-content\/uploads\/2024\/04\/parque-1024x768.jpg\" class=\"attachment-large size-large wp-image-6553\" alt=\"\" srcset=\"https:\/\/chia-cundinamarca.gov.co\/web\/wp-content\/uploads\/2024\/04\/parque-1024x768.jpg 1024w, https:\/\/chia-cundinamarca.gov.co\/web\/wp-content\/uploads\/2024\/04\/parque-300x225.jpg 300w, https:\/\/chia-cundinamarca.gov.co\/web\/wp-content\/uploads\/2024\/04\/parque-768x576.jpg 768w, https:\/\/chia-cundinamarca.gov.co\/web\/wp-content\/uploads\/2024\/04\/parque-1536x1152.jpg 1536w, https:\/\/chia-cundinamarca.gov.co\/web\/wp-content\/uploads\/2024\/04\/parque-48x36.jpg 48w, https:\/\/chia-cundinamarca.gov.co\/web\/wp-content\/uploads\/2024\/04\/parque.jpg 1600w\" sizes=\"(max-width: 800px) 100vw, 800px\" \/>\t\t\t\t\t\t\t\t\t\t\t\t\t\t\t<\/div>\n\t\t\t\t\t<\/div>\n\t\t\t\t<\/div>\n\t\t<div class=\"elementor-element elementor-element-3a9ac746 e-flex e-con-boxed e-con e-parent\" data-id=\"3a9ac746\" data-element_type=\"container\" data-e-type=\"container\">\n\t\t\t\t\t<div class=\"e-con-inner\">\n\t\t\t\t<div class=\"elementor-element elementor-element-1dcc41ba elementor-widget elementor-widget-text-editor\" data-id=\"1dcc41ba\" data-element_type=\"widget\" data-e-type=\"widget\" data-widget_type=\"text-editor.default\">\n\t\t\t\t\t\t\t\t\t<p>\u00a0<\/p><p>La administraci\u00f3n del municipio inform\u00f3 sobre algunos cierres que aplicar\u00e1n en edificios y colegios p\u00fablicos. Ch\u00eda tendr\u00e1 racionamiento correspondiente al turno n\u00famero 9, el cual est\u00e1 programado para el viernes 19 de abril.<\/p><p>\u00a0<\/p><p><a href=\"https:\/\/www.elespectador.com\/bogota\/las-medidas-que-tomara-chia-durante-su-turno-de-racionamiento-de-agua-bogota-noticias-hoy\/?outputType=amp\" target=\"_blank\" rel=\"noopener\">Ver m\u00e1s<\/a><\/p>\t\t\t\t\t\t\t\t<\/div>\n\t\t\t\t\t<\/div>\n\t\t\t\t<\/div>\n\t\t\t\t<\/div>\n\t\t","protected":false},"excerpt":{"rendered":"<p>Las medidas que tomar\u00e1 Ch\u00eda durante su turno de racionamiento \u00a0 La administraci\u00f3n del municipio inform\u00f3 sobre algunos cierres que aplicar\u00e1n en edificios y colegios p\u00fablicos. Ch\u00eda tendr\u00e1 racionamiento correspondiente al turno n\u00famero 9, el cual est\u00e1 programado para el viernes 19 de abril. \u00a0 Ver m\u00e1s<\/p>\n","protected":false},"author":1,"featured_media":6553,"comment_status":"closed","ping_status":"closed","sticky":false,"template":"","format":"standard","meta":{"footnotes":""},"categories":[31],"tags":[],"class_list":["post-6550","post","type-post","status-publish","format-standard","has-post-thumbnail","hentry","category-asi-nos-ven-los-medios"],"_links":{"self":[{"href":"https:\/\/chia-cundinamarca.gov.co\/web\/wp-json\/wp\/v2\/posts\/6550","targetHints":{"allow":["GET"]}}],"collection":[{"href":"https:\/\/chia-cundinamarca.gov.co\/web\/wp-json\/wp\/v2\/posts"}],"about":[{"href":"https:\/\/chia-cundinamarca.gov.co\/web\/wp-json\/wp\/v2\/types\/post"}],"author":[{"embeddable":true,"href":"https:\/\/chia-cundinamarca.gov.co\/web\/wp-json\/wp\/v2\/users\/1"}],"replies":[{"embeddable":true,"href":"https:\/\/chia-cundinamarca.gov.co\/web\/wp-json\/wp\/v2\/comments?post=6550"}],"version-history":[{"count":0,"href":"https:\/\/chia-cundinamarca.gov.co\/web\/wp-json\/wp\/v2\/posts\/6550\/revisions"}],"wp:featuredmedia":[{"embeddable":true,"href":"https:\/\/chia-cundinamarca.gov.co\/web\/wp-json\/wp\/v2\/media\/6553"}],"wp:attachment":[{"href":"https:\/\/chia-cundinamarca.gov.co\/web\/wp-json\/wp\/v2\/media?parent=6550"}],"wp:term":[{"taxonomy":"category","embeddable":true,"href":"https:\/\/chia-cundinamarca.gov.co\/web\/wp-json\/wp\/v2\/categories?post=6550"},{"taxonomy":"post_tag","embeddable":true,"href":"https:\/\/chia-cundinamarca.gov.co\/web\/wp-json\/wp\/v2\/tags?post=6550"}],"curies":[{"name":"wp","href":"https:\/\/api.w.org\/{rel}","templated":true}]}}