{"id":6931,"date":"2024-04-25T23:40:59","date_gmt":"2024-04-25T21:40:59","guid":{"rendered":"https:\/\/chia-cundinamarca.gov.co\/web\/?p=6931"},"modified":"2024-04-25T23:49:09","modified_gmt":"2024-04-25T21:49:09","slug":"alcaldia-de-medellin-y-la-administracion-donoso-continuan-fortaleciendo-alianzas-para-chia","status":"publish","type":"post","link":"https:\/\/chia-cundinamarca.gov.co\/web\/2024\/04\/alcaldia-de-medellin-y-la-administracion-donoso-continuan-fortaleciendo-alianzas-para-chia\/","title":{"rendered":"Alcald\u00eda de Medell\u00edn y la administraci\u00f3n Donoso contin\u00faan fortaleciendo alianzas para Ch\u00eda"},"content":{"rendered":"\t\t<div data-elementor-type=\"wp-post\" data-elementor-id=\"6931\" class=\"elementor elementor-6931\" data-elementor-post-type=\"post\">\n\t\t\t\t<div class=\"elementor-element elementor-element-77b169c8 e-flex e-con-boxed e-con e-parent\" data-id=\"77b169c8\" data-element_type=\"container\" data-e-type=\"container\">\n\t\t\t\t\t<div class=\"e-con-inner\">\n\t\t\t\t<div class=\"elementor-element elementor-element-41fdcde elementor-widget elementor-widget-heading\" data-id=\"41fdcde\" data-element_type=\"widget\" data-e-type=\"widget\" data-widget_type=\"heading.default\">\n\t\t\t\t\t<h2 class=\"elementor-heading-title elementor-size-default\">Alcald\u00eda de Medell\u00edn y la administraci\u00f3n Donoso contin\u00faan fortaleciendo alianzas para Ch\u00eda<\/h2>\t\t\t\t<\/div>\n\t\t\t\t<div class=\"elementor-element elementor-element-fdc4c85 elementor-widget elementor-widget-image\" data-id=\"fdc4c85\" data-element_type=\"widget\" data-e-type=\"widget\" data-widget_type=\"image.default\">\n\t\t\t\t\t\t\t\t\t\t\t\t\t\t\t<img fetchpriority=\"high\" decoding=\"async\" width=\"768\" height=\"576\" src=\"https:\/\/chia-cundinamarca.gov.co\/web\/wp-content\/uploads\/2024\/04\/Administracion-Donoso-y-alcaldia-de-Medellin-768x576.jpeg\" class=\"attachment-medium_large size-medium_large wp-image-6947\" alt=\"Alcald\u00eda de Medell\u00edn y la administraci\u00f3n Donoso contin\u00faan fortaleciendo alianzas para Ch\u00eda\" srcset=\"https:\/\/chia-cundinamarca.gov.co\/web\/wp-content\/uploads\/2024\/04\/Administracion-Donoso-y-alcaldia-de-Medellin-768x576.jpeg 768w, https:\/\/chia-cundinamarca.gov.co\/web\/wp-content\/uploads\/2024\/04\/Administracion-Donoso-y-alcaldia-de-Medellin-300x225.jpeg 300w, https:\/\/chia-cundinamarca.gov.co\/web\/wp-content\/uploads\/2024\/04\/Administracion-Donoso-y-alcaldia-de-Medellin-1024x768.jpeg 1024w, https:\/\/chia-cundinamarca.gov.co\/web\/wp-content\/uploads\/2024\/04\/Administracion-Donoso-y-alcaldia-de-Medellin-1536x1152.jpeg 1536w, https:\/\/chia-cundinamarca.gov.co\/web\/wp-content\/uploads\/2024\/04\/Administracion-Donoso-y-alcaldia-de-Medellin-48x36.jpeg 48w, https:\/\/chia-cundinamarca.gov.co\/web\/wp-content\/uploads\/2024\/04\/Administracion-Donoso-y-alcaldia-de-Medellin.jpeg 1600w\" sizes=\"(max-width: 768px) 100vw, 768px\" \/>\t\t\t\t\t\t\t\t\t\t\t\t\t\t\t<\/div>\n\t\t\t\t<div class=\"elementor-element elementor-element-12ef662 elementor-widget elementor-widget-text-editor\" data-id=\"12ef662\" data-element_type=\"widget\" data-e-type=\"widget\" data-widget_type=\"text-editor.default\">\n\t\t\t\t\t\t\t\t\t<p>Con el fin de apoyar a los peque\u00f1os emprendedores del municipio, la administraci\u00f3n Donoso llev\u00f3 a cabo un intercambio con la ciudad de Medell\u00edn para que la agenda cultural de esa ciudad sea compartida con el municipio de Ch\u00eda para determinar si es posible dirigir a los emprendedores o artistas locales a sus eventos m\u00e1s reconocidos, para tal fin, la subsecretaria de turismo de la capital antioque\u00f1a estar\u00e1 en Ch\u00eda entre el 7 y el 8 de mayo para intercambiar la oferta de turismo con el prop\u00f3sito de abrir espacios para las dos ciudades.<\/p><p>\u00a0<\/p><p>De otro lado, el asesor de despacho Juan Pablo Ram\u00edrez, sostuvo comunicaci\u00f3n con una firma de Corea del Sur que suple en tecnolog\u00edas de movilidad a Medell\u00edn para que inicie acercamientos con la Alcald\u00eda de Ch\u00eda, y concrete acciones de movilidad para el municipio.<\/p><p>\u00a0<\/p><p>Finalmente, y con el fin de consolidar un incentivo para los emprendedores de ch\u00eda, se buscar\u00e1n alianzas con la Secretar\u00eda de Desarrollo de esa misma ciudad para abrir espacios en ferias de moda como Colombiatex, Colombia Moda, y la Feria de Las Flores.<\/p>\t\t\t\t\t\t\t\t<\/div>\n\t\t\t\t<div class=\"elementor-element elementor-element-03df2b0 elementor-widget elementor-widget-gallery\" data-id=\"03df2b0\" data-element_type=\"widget\" data-e-type=\"widget\" data-settings=\"{&quot;lazyload&quot;:&quot;yes&quot;,&quot;gallery_layout&quot;:&quot;grid&quot;,&quot;columns&quot;:4,&quot;columns_tablet&quot;:2,&quot;columns_mobile&quot;:1,&quot;gap&quot;:{&quot;unit&quot;:&quot;px&quot;,&quot;size&quot;:10,&quot;sizes&quot;:[]},&quot;gap_tablet&quot;:{&quot;unit&quot;:&quot;px&quot;,&quot;size&quot;:10,&quot;sizes&quot;:[]},&quot;gap_mobile&quot;:{&quot;unit&quot;:&quot;px&quot;,&quot;size&quot;:10,&quot;sizes&quot;:[]},&quot;link_to&quot;:&quot;file&quot;,&quot;aspect_ratio&quot;:&quot;3:2&quot;,&quot;overlay_background&quot;:&quot;yes&quot;,&quot;content_hover_animation&quot;:&quot;fade-in&quot;}\" data-widget_type=\"gallery.default\">\n\t\t\t\t\t\t\t<div class=\"elementor-gallery__container\">\n\t\t\t\t\t\t\t<a class=\"e-gallery-item elementor-gallery-item elementor-animated-content\" href=\"https:\/\/chia-cundinamarca.gov.co\/web\/wp-content\/uploads\/2024\/04\/Administracion-Donoso-y-alcaldia-de-Medellin.jpeg\" data-elementor-open-lightbox=\"yes\" data-elementor-lightbox-slideshow=\"03df2b0\" data-elementor-lightbox-title=\"Administraci\u00f3n Donoso y alcald\u00eda de Medell\u00edn\" data-elementor-lightbox-description=\"Alcald\u00eda de Medell\u00edn y la administraci\u00f3n Donoso contin\u00faan fortaleciendo alianzas para Ch\u00eda\" data-e-action-hash=\"#elementor-action%3Aaction%3Dlightbox%26settings%3DeyJpZCI6Njk0NywidXJsIjoiaHR0cHM6XC9cL2NoaWEtY3VuZGluYW1hcmNhLmdvdi5jb1wvd2ViXC93cC1jb250ZW50XC91cGxvYWRzXC8yMDI0XC8wNFwvQWRtaW5pc3RyYWNpb24tRG9ub3NvLXktYWxjYWxkaWEtZGUtTWVkZWxsaW4uanBlZyIsInNsaWRlc2hvdyI6IjAzZGYyYjAifQ%3D%3D\">\n\t\t\t\t\t<div class=\"e-gallery-image elementor-gallery-item__image\" data-thumbnail=\"https:\/\/chia-cundinamarca.gov.co\/web\/wp-content\/uploads\/2024\/04\/Administracion-Donoso-y-alcaldia-de-Medellin-300x225.jpeg\" data-width=\"300\" data-height=\"225\" aria-label=\"Alcald\u00eda de Medell\u00edn y la administraci\u00f3n Donoso contin\u00faan fortaleciendo alianzas para Ch\u00eda\" role=\"img\" ><\/div>\n\t\t\t\t\t\t\t\t\t\t\t<div class=\"elementor-gallery-item__overlay\"><\/div>\n\t\t\t\t\t\t\t\t\t\t\t\t\t\t<\/a>\n\t\t\t\t\t\t\t<a class=\"e-gallery-item elementor-gallery-item elementor-animated-content\" href=\"https:\/\/chia-cundinamarca.gov.co\/web\/wp-content\/uploads\/2024\/04\/Alianzas-con-Medellin.jpeg\" data-elementor-open-lightbox=\"yes\" data-elementor-lightbox-slideshow=\"03df2b0\" data-elementor-lightbox-title=\"Alianzas con Medell\u00edn\" data-e-action-hash=\"#elementor-action%3Aaction%3Dlightbox%26settings%3DeyJpZCI6Njk0NiwidXJsIjoiaHR0cHM6XC9cL2NoaWEtY3VuZGluYW1hcmNhLmdvdi5jb1wvd2ViXC93cC1jb250ZW50XC91cGxvYWRzXC8yMDI0XC8wNFwvQWxpYW56YXMtY29uLU1lZGVsbGluLmpwZWciLCJzbGlkZXNob3ciOiIwM2RmMmIwIn0%3D\">\n\t\t\t\t\t<div class=\"e-gallery-image elementor-gallery-item__image\" data-thumbnail=\"https:\/\/chia-cundinamarca.gov.co\/web\/wp-content\/uploads\/2024\/04\/Alianzas-con-Medellin-225x300.jpeg\" data-width=\"225\" data-height=\"300\" aria-label=\"\" role=\"img\" ><\/div>\n\t\t\t\t\t\t\t\t\t\t\t<div class=\"elementor-gallery-item__overlay\"><\/div>\n\t\t\t\t\t\t\t\t\t\t\t\t\t\t<\/a>\n\t\t\t\t\t\t\t<a class=\"e-gallery-item elementor-gallery-item elementor-animated-content\" href=\"https:\/\/chia-cundinamarca.gov.co\/web\/wp-content\/uploads\/2024\/04\/Medellin-y-chia.jpeg\" data-elementor-open-lightbox=\"yes\" data-elementor-lightbox-slideshow=\"03df2b0\" data-elementor-lightbox-title=\"Medell\u00edn y ch\u00eda\" data-elementor-lightbox-description=\"Alcald\u00eda de Medell\u00edn y la administraci\u00f3n Donoso contin\u00faan fortaleciendo alianzas para Ch\u00eda\" data-e-action-hash=\"#elementor-action%3Aaction%3Dlightbox%26settings%3DeyJpZCI6Njk0NSwidXJsIjoiaHR0cHM6XC9cL2NoaWEtY3VuZGluYW1hcmNhLmdvdi5jb1wvd2ViXC93cC1jb250ZW50XC91cGxvYWRzXC8yMDI0XC8wNFwvTWVkZWxsaW4teS1jaGlhLmpwZWciLCJzbGlkZXNob3ciOiIwM2RmMmIwIn0%3D\">\n\t\t\t\t\t<div class=\"e-gallery-image elementor-gallery-item__image\" data-thumbnail=\"https:\/\/chia-cundinamarca.gov.co\/web\/wp-content\/uploads\/2024\/04\/Medellin-y-chia-225x300.jpeg\" data-width=\"225\" data-height=\"300\" aria-label=\"Alcald\u00eda de Medell\u00edn y la administraci\u00f3n Donoso contin\u00faan fortaleciendo alianzas para Ch\u00eda\" role=\"img\" ><\/div>\n\t\t\t\t\t\t\t\t\t\t\t<div class=\"elementor-gallery-item__overlay\"><\/div>\n\t\t\t\t\t\t\t\t\t\t\t\t\t\t<\/a>\n\t\t\t\t\t<\/div>\n\t\t\t\t\t<\/div>\n\t\t\t\t\t<\/div>\n\t\t\t\t<\/div>\n\t\t\t\t<\/div>\n\t\t","protected":false},"excerpt":{"rendered":"<p>Alianzas con la Secretar\u00eda de Desarrollo de esa misma ciudad para abrir espacios en ferias de moda como Colombiatex, Colombia Moda, y la Feria de Las Flores.<\/p>\n","protected":false},"author":1,"featured_media":6947,"comment_status":"closed","ping_status":"closed","sticky":false,"template":"","format":"standard","meta":{"footnotes":""},"categories":[17],"tags":[404,635,636,638,637,634],"class_list":["post-6931","post","type-post","status-publish","format-standard","has-post-thumbnail","hentry","category-noticias-2024","tag-alcalde-de-chia-leonardo-donoso","tag-colombia-moda","tag-colombiatex","tag-cooperacion-internacional-y-chia","tag-feria-de-las-flores","tag-medellin"],"_links":{"self":[{"href":"https:\/\/chia-cundinamarca.gov.co\/web\/wp-json\/wp\/v2\/posts\/6931","targetHints":{"allow":["GET"]}}],"collection":[{"href":"https:\/\/chia-cundinamarca.gov.co\/web\/wp-json\/wp\/v2\/posts"}],"about":[{"href":"https:\/\/chia-cundinamarca.gov.co\/web\/wp-json\/wp\/v2\/types\/post"}],"author":[{"embeddable":true,"href":"https:\/\/chia-cundinamarca.gov.co\/web\/wp-json\/wp\/v2\/users\/1"}],"replies":[{"embeddable":true,"href":"https:\/\/chia-cundinamarca.gov.co\/web\/wp-json\/wp\/v2\/comments?post=6931"}],"version-history":[{"count":0,"href":"https:\/\/chia-cundinamarca.gov.co\/web\/wp-json\/wp\/v2\/posts\/6931\/revisions"}],"wp:featuredmedia":[{"embeddable":true,"href":"https:\/\/chia-cundinamarca.gov.co\/web\/wp-json\/wp\/v2\/media\/6947"}],"wp:attachment":[{"href":"https:\/\/chia-cundinamarca.gov.co\/web\/wp-json\/wp\/v2\/media?parent=6931"}],"wp:term":[{"taxonomy":"category","embeddable":true,"href":"https:\/\/chia-cundinamarca.gov.co\/web\/wp-json\/wp\/v2\/categories?post=6931"},{"taxonomy":"post_tag","embeddable":true,"href":"https:\/\/chia-cundinamarca.gov.co\/web\/wp-json\/wp\/v2\/tags?post=6931"}],"curies":[{"name":"wp","href":"https:\/\/api.w.org\/{rel}","templated":true}]}}