{"id":7182,"date":"2024-04-29T14:01:41","date_gmt":"2024-04-29T12:01:41","guid":{"rendered":"https:\/\/chia-cundinamarca.gov.co\/web\/?p=7182"},"modified":"2024-04-29T14:03:56","modified_gmt":"2024-04-29T12:03:56","slug":"se-aplaza-la-restriccion-de-vehiculos-de-carga-pesada-en-chia-cuando-iniciara-la-medida","status":"publish","type":"post","link":"https:\/\/chia-cundinamarca.gov.co\/web\/2024\/04\/se-aplaza-la-restriccion-de-vehiculos-de-carga-pesada-en-chia-cuando-iniciara-la-medida\/","title":{"rendered":"Se aplaza la restricci\u00f3n de veh\u00edculos de carga pesada en Ch\u00eda: \u00bfCu\u00e1ndo iniciar\u00e1 la medida?"},"content":{"rendered":"\t\t<div data-elementor-type=\"wp-post\" data-elementor-id=\"7182\" class=\"elementor elementor-7182\" data-elementor-post-type=\"post\">\n\t\t\t\t<div class=\"elementor-element elementor-element-595363a e-flex e-con-boxed e-con e-parent\" data-id=\"595363a\" data-element_type=\"container\" data-e-type=\"container\">\n\t\t\t\t\t<div class=\"e-con-inner\">\n\t\t\t\t<div class=\"elementor-element elementor-element-602ac91 elementor-widget elementor-widget-heading\" data-id=\"602ac91\" data-element_type=\"widget\" data-e-type=\"widget\" data-widget_type=\"heading.default\">\n\t\t\t\t\t<h2 class=\"elementor-heading-title elementor-size-default\">Se aplaza la restricci\u00f3n de veh\u00edculos de carga pesada en Ch\u00eda: \u00bfCu\u00e1ndo iniciar\u00e1 la medida?<\/h2>\t\t\t\t<\/div>\n\t\t\t\t<div class=\"elementor-element elementor-element-ad60925 elementor-widget elementor-widget-image\" data-id=\"ad60925\" data-element_type=\"widget\" data-e-type=\"widget\" data-widget_type=\"image.default\">\n\t\t\t\t\t\t\t\t\t\t\t\t\t\t\t<img fetchpriority=\"high\" decoding=\"async\" width=\"650\" height=\"488\" src=\"https:\/\/chia-cundinamarca.gov.co\/web\/wp-content\/uploads\/2024\/04\/camio.avif\" class=\"attachment-large size-large wp-image-7183\" alt=\"\" \/>\t\t\t\t\t\t\t\t\t\t\t\t\t\t\t<\/div>\n\t\t\t\t<div class=\"elementor-element elementor-element-9adfd74 elementor-widget elementor-widget-text-editor\" data-id=\"9adfd74\" data-element_type=\"widget\" data-e-type=\"widget\" data-widget_type=\"text-editor.default\">\n\t\t\t\t\t\t\t\t\t<p class=\"loc\">Ch\u00eda<\/p><p><b>La Alcald\u00eda de Ch\u00eda confirm\u00f3 que se aplaza por 8 d\u00edas\u00a0<\/b><a href=\"https:\/\/caracol.com.co\/2024\/04\/26\/fedetranscarga-rechaza-restriccion-a-vehiculos-en-chia-no-hay-vias-alternas\/\" target=\"_blank\" rel=\"noopener\"><b>la restricci\u00f3n de veh\u00edculos de carga pesada mayor a 3.4 toneladas que transitan por la entrada y salida del municipio<\/b><\/a><b>.<\/b>\u00a0La decisi\u00f3n se tom\u00f3 por un da\u00f1o en la malla asf\u00e1ltica en el sector de la glorieta de Jumbo.<\/p><p>\u00a0<\/p><p><a href=\"https:\/\/caracol.com.co\/2024\/04\/29\/se-aplaza-la-restriccion-de-vehiculos-de-carga-pesada-en-chia-cuando-iniciara-la-medida\/\" target=\"_blank\" rel=\"noopener\">Ver M\u00e1s<\/a><\/p>\t\t\t\t\t\t\t\t<\/div>\n\t\t\t\t\t<\/div>\n\t\t\t\t<\/div>\n\t\t\t\t<\/div>\n\t\t","protected":false},"excerpt":{"rendered":"<p>Se aplaza la restricci\u00f3n de veh\u00edculos de carga pesada en Ch\u00eda: \u00bfCu\u00e1ndo iniciar\u00e1 la medida? Ch\u00eda La Alcald\u00eda de Ch\u00eda confirm\u00f3 que se aplaza por 8 d\u00edas\u00a0la restricci\u00f3n de veh\u00edculos de carga pesada mayor a 3.4 toneladas que transitan por la entrada y salida del municipio.\u00a0La decisi\u00f3n se tom\u00f3 por un da\u00f1o en la malla [&hellip;]<\/p>\n","protected":false},"author":1,"featured_media":7183,"comment_status":"closed","ping_status":"closed","sticky":false,"template":"","format":"standard","meta":{"footnotes":""},"categories":[31],"tags":[],"class_list":["post-7182","post","type-post","status-publish","format-standard","has-post-thumbnail","hentry","category-asi-nos-ven-los-medios"],"_links":{"self":[{"href":"https:\/\/chia-cundinamarca.gov.co\/web\/wp-json\/wp\/v2\/posts\/7182","targetHints":{"allow":["GET"]}}],"collection":[{"href":"https:\/\/chia-cundinamarca.gov.co\/web\/wp-json\/wp\/v2\/posts"}],"about":[{"href":"https:\/\/chia-cundinamarca.gov.co\/web\/wp-json\/wp\/v2\/types\/post"}],"author":[{"embeddable":true,"href":"https:\/\/chia-cundinamarca.gov.co\/web\/wp-json\/wp\/v2\/users\/1"}],"replies":[{"embeddable":true,"href":"https:\/\/chia-cundinamarca.gov.co\/web\/wp-json\/wp\/v2\/comments?post=7182"}],"version-history":[{"count":0,"href":"https:\/\/chia-cundinamarca.gov.co\/web\/wp-json\/wp\/v2\/posts\/7182\/revisions"}],"wp:featuredmedia":[{"embeddable":true,"href":"https:\/\/chia-cundinamarca.gov.co\/web\/wp-json\/wp\/v2\/media\/7183"}],"wp:attachment":[{"href":"https:\/\/chia-cundinamarca.gov.co\/web\/wp-json\/wp\/v2\/media?parent=7182"}],"wp:term":[{"taxonomy":"category","embeddable":true,"href":"https:\/\/chia-cundinamarca.gov.co\/web\/wp-json\/wp\/v2\/categories?post=7182"},{"taxonomy":"post_tag","embeddable":true,"href":"https:\/\/chia-cundinamarca.gov.co\/web\/wp-json\/wp\/v2\/tags?post=7182"}],"curies":[{"name":"wp","href":"https:\/\/api.w.org\/{rel}","templated":true}]}}