{"id":7238,"date":"2024-04-30T04:13:22","date_gmt":"2024-04-30T02:13:22","guid":{"rendered":"https:\/\/chia-cundinamarca.gov.co\/web\/?p=7238"},"modified":"2024-04-30T04:17:13","modified_gmt":"2024-04-30T02:17:13","slug":"chia-aplaza-la-restriccion-vehicular-de-carga-pesada-debido-a-inmenso-hueco-en-la-via","status":"publish","type":"post","link":"https:\/\/chia-cundinamarca.gov.co\/web\/2024\/04\/chia-aplaza-la-restriccion-vehicular-de-carga-pesada-debido-a-inmenso-hueco-en-la-via\/","title":{"rendered":"Ch\u00eda aplaza la restricci\u00f3n vehicular de carga pesada debido a inmenso hueco en la v\u00eda"},"content":{"rendered":"\t\t<div data-elementor-type=\"wp-post\" data-elementor-id=\"7238\" class=\"elementor elementor-7238\" data-elementor-post-type=\"post\">\n\t\t\t\t<div class=\"elementor-element elementor-element-3e027e3 e-flex e-con-boxed e-con e-parent\" data-id=\"3e027e3\" data-element_type=\"container\" data-e-type=\"container\">\n\t\t\t\t\t<div class=\"e-con-inner\">\n\t\t\t\t<div class=\"elementor-element elementor-element-2f2f14a elementor-widget elementor-widget-heading\" data-id=\"2f2f14a\" data-element_type=\"widget\" data-e-type=\"widget\" data-widget_type=\"heading.default\">\n\t\t\t\t\t<h2 class=\"elementor-heading-title elementor-size-default\">Ch\u00eda aplaza la restricci\u00f3n vehicular de carga pesada debido a inmenso hueco en la v\u00eda<\/h2>\t\t\t\t<\/div>\n\t\t\t\t<div class=\"elementor-element elementor-element-f685bae elementor-widget elementor-widget-image\" data-id=\"f685bae\" data-element_type=\"widget\" data-e-type=\"widget\" data-widget_type=\"image.default\">\n\t\t\t\t\t\t\t\t\t\t\t\t\t\t\t<img fetchpriority=\"high\" decoding=\"async\" width=\"650\" height=\"488\" src=\"https:\/\/chia-cundinamarca.gov.co\/web\/wp-content\/uploads\/2024\/04\/camion.avif\" class=\"attachment-large size-large wp-image-7239\" alt=\"\" \/>\t\t\t\t\t\t\t\t\t\t\t\t\t\t\t<\/div>\n\t\t\t\t<div class=\"elementor-element elementor-element-e589560 elementor-widget elementor-widget-text-editor\" data-id=\"e589560\" data-element_type=\"widget\" data-e-type=\"widget\" data-widget_type=\"text-editor.default\">\n\t\t\t\t\t\t\t\t\t<p>Por el hallazgo de un grave da\u00f1o que se present\u00f3 en la <strong>malla asf\u00e1ltica en el sector de la glorieta de Jumbo y por la implementaci\u00f3n de pasos\u00a0<\/strong>a un carril en el costado norte de la avenida Pradilla, la\u00a0<a href=\"https:\/\/redmas.com.co\/chia-t59317\" target=\"_blank\" rel=\"noopener noreferrer\"><strong>Alcald\u00eda de Ch\u00eda\u00a0<\/strong><\/a>aplaza la medida de restricci\u00f3n vial para el d\u00eda lunes 6 de mayo de 2024 para los veh\u00edculos de carga que transitan por los 850 metros de la entrada y salida del municipio.<\/p><p><a href=\"https:\/\/redmas.com.co\/amp\/colombia\/Chia-mantiene-la-restriccion-vehicular-de-carga-pesada-debido-a-inmenso-hueco-en-la-via-20240429-0002.html\" target=\"_blank\" rel=\"noopener\">Ver M\u00e1s<\/a><\/p>\t\t\t\t\t\t\t\t<\/div>\n\t\t\t\t\t<\/div>\n\t\t\t\t<\/div>\n\t\t\t\t<\/div>\n\t\t","protected":false},"excerpt":{"rendered":"<p>Ch\u00eda aplaza la restricci\u00f3n vehicular de carga pesada debido a inmenso hueco en la v\u00eda Por el hallazgo de un grave da\u00f1o que se present\u00f3 en la malla asf\u00e1ltica en el sector de la glorieta de Jumbo y por la implementaci\u00f3n de pasos\u00a0a un carril en el costado norte de la avenida Pradilla, la\u00a0Alcald\u00eda de [&hellip;]<\/p>\n","protected":false},"author":1,"featured_media":0,"comment_status":"closed","ping_status":"closed","sticky":false,"template":"","format":"standard","meta":{"footnotes":""},"categories":[1],"tags":[],"class_list":["post-7238","post","type-post","status-publish","format-standard","hentry","category-sin-categoria"],"_links":{"self":[{"href":"https:\/\/chia-cundinamarca.gov.co\/web\/wp-json\/wp\/v2\/posts\/7238","targetHints":{"allow":["GET"]}}],"collection":[{"href":"https:\/\/chia-cundinamarca.gov.co\/web\/wp-json\/wp\/v2\/posts"}],"about":[{"href":"https:\/\/chia-cundinamarca.gov.co\/web\/wp-json\/wp\/v2\/types\/post"}],"author":[{"embeddable":true,"href":"https:\/\/chia-cundinamarca.gov.co\/web\/wp-json\/wp\/v2\/users\/1"}],"replies":[{"embeddable":true,"href":"https:\/\/chia-cundinamarca.gov.co\/web\/wp-json\/wp\/v2\/comments?post=7238"}],"version-history":[{"count":0,"href":"https:\/\/chia-cundinamarca.gov.co\/web\/wp-json\/wp\/v2\/posts\/7238\/revisions"}],"wp:attachment":[{"href":"https:\/\/chia-cundinamarca.gov.co\/web\/wp-json\/wp\/v2\/media?parent=7238"}],"wp:term":[{"taxonomy":"category","embeddable":true,"href":"https:\/\/chia-cundinamarca.gov.co\/web\/wp-json\/wp\/v2\/categories?post=7238"},{"taxonomy":"post_tag","embeddable":true,"href":"https:\/\/chia-cundinamarca.gov.co\/web\/wp-json\/wp\/v2\/tags?post=7238"}],"curies":[{"name":"wp","href":"https:\/\/api.w.org\/{rel}","templated":true}]}}