{"id":7991,"date":"2024-05-27T23:13:44","date_gmt":"2024-05-27T21:13:44","guid":{"rendered":"https:\/\/chia-cundinamarca.gov.co\/web\/?p=7991"},"modified":"2024-05-27T23:24:37","modified_gmt":"2024-05-27T21:24:37","slug":"agencia-de-empleo-de-chia","status":"publish","type":"post","link":"https:\/\/chia-cundinamarca.gov.co\/web\/2024\/05\/agencia-de-empleo-de-chia\/","title":{"rendered":"La agencia de Empleo de Ch\u00eda, apoya la reactivaci\u00f3n econ\u00f3mica"},"content":{"rendered":"\t\t<div data-elementor-type=\"wp-post\" data-elementor-id=\"7991\" class=\"elementor elementor-7991\" data-elementor-post-type=\"post\">\n\t\t\t\t<div class=\"elementor-element elementor-element-65207708 e-flex e-con-boxed e-con e-parent\" data-id=\"65207708\" data-element_type=\"container\" data-e-type=\"container\">\n\t\t\t\t\t<div class=\"e-con-inner\">\n\t\t\t\t<div class=\"elementor-element elementor-element-ef3e596 elementor-widget elementor-widget-heading\" data-id=\"ef3e596\" data-element_type=\"widget\" data-e-type=\"widget\" data-widget_type=\"heading.default\">\n\t\t\t\t\t<h2 class=\"elementor-heading-title elementor-size-default\">Agencia de Empleo de Ch\u00eda se destaca por dinamizar la econom\u00eda<\/h2>\t\t\t\t<\/div>\n\t\t\t\t<div class=\"elementor-element elementor-element-e1272d3 elementor-widget elementor-widget-image\" data-id=\"e1272d3\" data-element_type=\"widget\" data-e-type=\"widget\" data-widget_type=\"image.default\">\n\t\t\t\t\t\t\t\t\t\t\t\t\t\t\t<img fetchpriority=\"high\" decoding=\"async\" width=\"768\" height=\"432\" src=\"https:\/\/chia-cundinamarca.gov.co\/web\/wp-content\/uploads\/2024\/05\/AgenciaDeempleoChia1-768x432.jpeg\" class=\"attachment-medium_large size-medium_large wp-image-7992\" alt=\"AgenciaDeempleoCh\u00eda1\" srcset=\"https:\/\/chia-cundinamarca.gov.co\/web\/wp-content\/uploads\/2024\/05\/AgenciaDeempleoChia1-768x432.jpeg 768w, https:\/\/chia-cundinamarca.gov.co\/web\/wp-content\/uploads\/2024\/05\/AgenciaDeempleoChia1-300x169.jpeg 300w, https:\/\/chia-cundinamarca.gov.co\/web\/wp-content\/uploads\/2024\/05\/AgenciaDeempleoChia1-1024x576.jpeg 1024w, https:\/\/chia-cundinamarca.gov.co\/web\/wp-content\/uploads\/2024\/05\/AgenciaDeempleoChia1-1536x864.jpeg 1536w, https:\/\/chia-cundinamarca.gov.co\/web\/wp-content\/uploads\/2024\/05\/AgenciaDeempleoChia1-48x27.jpeg 48w, https:\/\/chia-cundinamarca.gov.co\/web\/wp-content\/uploads\/2024\/05\/AgenciaDeempleoChia1.jpeg 1600w\" sizes=\"(max-width: 768px) 100vw, 768px\" \/>\t\t\t\t\t\t\t\t\t\t\t\t\t\t\t<\/div>\n\t\t\t\t<div class=\"elementor-element elementor-element-248df4f3 elementor-widget elementor-widget-text-editor\" data-id=\"248df4f3\" data-element_type=\"widget\" data-e-type=\"widget\" data-widget_type=\"text-editor.default\">\n\t\t\t\t\t\t\t\t\t<p>La Agencia de Empleo, ha destacado su labor en la promoci\u00f3n del empleo y la conexi\u00f3n entre <strong>oferentes y empresas<\/strong>. Por esto, desde su creaci\u00f3n ha <strong>generado empleo a la comunidad de Ch\u00eda<\/strong>, gracias al apoyo de la Secretar\u00eda para el Desarrollo Econ\u00f3mico.<\/p><p>As\u00ed las cosas, durante lo corrido del a\u00f1o 2024 se han reflejado los <strong>datos diagn\u00f3sticos<\/strong> de la oficina as\u00ed, oferentes inscritos en la plataforma se han sido <strong>2.213<\/strong>, oferentes inscritos con asistencia del prestador &#8211; agencia <strong>1.132<\/strong>, vacantes solicitadas por las empresas <strong>816<\/strong>, empresas inscritas con la agencia p\u00fablica <strong>75<\/strong> y como cifra m\u00e1s importante se han ubicado <strong>112<\/strong> personas.<\/p><table width=\"0\"><tbody><tr><td colspan=\"3\" width=\"636\"><strong>DATOS ESTADISTICOS AGENCIA PUBLICA DE GESTI\u00d3N Y COLOCACI\u00d3N DE EMPLEO CHIA<\/strong><\/td><\/tr><tr><td colspan=\"3\" width=\"636\"><strong>PLATAFORMA SISTEMA DE INFORMACI\u00d3N DEL SERVICIO DE EMPLEO &#8211; SISE<\/strong><\/td><\/tr><tr><td width=\"456\">\u00a0<\/td><td width=\"80\">\u00a0<\/td><td width=\"100\">\u00a0<\/td><\/tr><tr><td width=\"456\"><strong>DESCRIPCI\u00d3N<\/strong><\/td><td width=\"80\"><strong>A\u00d1O 2024<\/strong><\/td><td width=\"100\"><strong>A\u00d1O 2022-2024<\/strong><\/td><\/tr><tr><td width=\"456\"><strong>OFERENTES INSCRITOS EN LA PLATAFORMA SISE<\/strong><\/td><td width=\"80\"><strong>2.213<\/strong><\/td><td width=\"100\"><strong>7.278<\/strong><\/td><\/tr><tr><td width=\"456\"><strong>OFERENTES INSCRITOS CON ASISTENCIA DEL PRESTADOR &#8211; AGENCIA<\/strong><\/td><td width=\"80\"><strong>1.132<\/strong><\/td><td width=\"100\"><strong>3.402<\/strong><\/td><\/tr><tr><td width=\"456\"><strong>VACANTES SOLICITDAS POR LAS EMPRESAS<\/strong><\/td><td width=\"80\"><strong>816<\/strong><\/td><td width=\"100\"><strong>3.592<\/strong><\/td><\/tr><tr><td width=\"456\"><strong>EMPRESAS INSCRITAS CON LA AGENCIA P\u00daBLICA<\/strong><\/td><td width=\"80\"><strong>75<\/strong><\/td><td width=\"100\"><strong>654<\/strong><\/td><\/tr><tr><td width=\"456\"><strong>TOTAL COLOCADOS<\/strong><\/td><td width=\"80\"><strong>112<\/strong><\/td><td width=\"100\"><strong>568<\/strong><\/td><\/tr><\/tbody><\/table><p>De esta forma, reafirmamos que tener este canal de apoyo para la comunidad, est\u00e1 demostrando <strong>resultados positivos<\/strong> al vincular 112 personas durante el 2024. Continuando con la l\u00ednea de trabajo estipulada por el <strong>alcalde Leonardo Donoso<\/strong> en <strong>su Plan de Desarrollo<\/strong>, el cual busca apoyar a todos los sectores poblacionales del municipio <strong>con diferentes herramientas<\/strong>.<\/p><p>\u00a0<\/p>\t\t\t\t\t\t\t\t<\/div>\n\t\t\t\t<div class=\"elementor-element elementor-element-28f5c6e elementor-widget elementor-widget-gallery\" data-id=\"28f5c6e\" data-element_type=\"widget\" data-e-type=\"widget\" data-settings=\"{&quot;lazyload&quot;:&quot;yes&quot;,&quot;gallery_layout&quot;:&quot;grid&quot;,&quot;columns&quot;:4,&quot;columns_tablet&quot;:2,&quot;columns_mobile&quot;:1,&quot;gap&quot;:{&quot;unit&quot;:&quot;px&quot;,&quot;size&quot;:10,&quot;sizes&quot;:[]},&quot;gap_tablet&quot;:{&quot;unit&quot;:&quot;px&quot;,&quot;size&quot;:10,&quot;sizes&quot;:[]},&quot;gap_mobile&quot;:{&quot;unit&quot;:&quot;px&quot;,&quot;size&quot;:10,&quot;sizes&quot;:[]},&quot;link_to&quot;:&quot;file&quot;,&quot;aspect_ratio&quot;:&quot;3:2&quot;,&quot;overlay_background&quot;:&quot;yes&quot;,&quot;content_hover_animation&quot;:&quot;fade-in&quot;}\" data-widget_type=\"gallery.default\">\n\t\t\t\t\t\t\t<div class=\"elementor-gallery__container\">\n\t\t\t\t\t\t\t<a class=\"e-gallery-item elementor-gallery-item elementor-animated-content\" href=\"https:\/\/chia-cundinamarca.gov.co\/web\/wp-content\/uploads\/2024\/05\/AEmpleo6.jpeg\" data-elementor-open-lightbox=\"yes\" data-elementor-lightbox-slideshow=\"28f5c6e\" data-elementor-lightbox-title=\"AEmpleo6\" data-e-action-hash=\"#elementor-action%3Aaction%3Dlightbox%26settings%3DeyJpZCI6Nzk5NiwidXJsIjoiaHR0cHM6XC9cL2NoaWEtY3VuZGluYW1hcmNhLmdvdi5jb1wvd2ViXC93cC1jb250ZW50XC91cGxvYWRzXC8yMDI0XC8wNVwvQUVtcGxlbzYuanBlZyIsInNsaWRlc2hvdyI6IjI4ZjVjNmUifQ%3D%3D\">\n\t\t\t\t\t<div class=\"e-gallery-image elementor-gallery-item__image\" data-thumbnail=\"https:\/\/chia-cundinamarca.gov.co\/web\/wp-content\/uploads\/2024\/05\/AEmpleo6-300x169.jpeg\" data-width=\"300\" data-height=\"169\" aria-label=\"\" role=\"img\" ><\/div>\n\t\t\t\t\t\t\t\t\t\t\t<div class=\"elementor-gallery-item__overlay\"><\/div>\n\t\t\t\t\t\t\t\t\t\t\t\t\t\t<\/a>\n\t\t\t\t\t\t\t<a class=\"e-gallery-item elementor-gallery-item elementor-animated-content\" href=\"https:\/\/chia-cundinamarca.gov.co\/web\/wp-content\/uploads\/2024\/05\/AEmpleo5.jpeg\" data-elementor-open-lightbox=\"yes\" data-elementor-lightbox-slideshow=\"28f5c6e\" data-elementor-lightbox-title=\"AEmpleo5\" data-e-action-hash=\"#elementor-action%3Aaction%3Dlightbox%26settings%3DeyJpZCI6Nzk5NywidXJsIjoiaHR0cHM6XC9cL2NoaWEtY3VuZGluYW1hcmNhLmdvdi5jb1wvd2ViXC93cC1jb250ZW50XC91cGxvYWRzXC8yMDI0XC8wNVwvQUVtcGxlbzUuanBlZyIsInNsaWRlc2hvdyI6IjI4ZjVjNmUifQ%3D%3D\">\n\t\t\t\t\t<div class=\"e-gallery-image elementor-gallery-item__image\" data-thumbnail=\"https:\/\/chia-cundinamarca.gov.co\/web\/wp-content\/uploads\/2024\/05\/AEmpleo5-300x169.jpeg\" data-width=\"300\" data-height=\"169\" aria-label=\"\" role=\"img\" ><\/div>\n\t\t\t\t\t\t\t\t\t\t\t<div class=\"elementor-gallery-item__overlay\"><\/div>\n\t\t\t\t\t\t\t\t\t\t\t\t\t\t<\/a>\n\t\t\t\t\t\t\t<a class=\"e-gallery-item elementor-gallery-item elementor-animated-content\" href=\"https:\/\/chia-cundinamarca.gov.co\/web\/wp-content\/uploads\/2024\/05\/AEmpleo4.jpeg\" data-elementor-open-lightbox=\"yes\" data-elementor-lightbox-slideshow=\"28f5c6e\" data-elementor-lightbox-title=\"AEmpleo4\" data-e-action-hash=\"#elementor-action%3Aaction%3Dlightbox%26settings%3DeyJpZCI6Nzk5OCwidXJsIjoiaHR0cHM6XC9cL2NoaWEtY3VuZGluYW1hcmNhLmdvdi5jb1wvd2ViXC93cC1jb250ZW50XC91cGxvYWRzXC8yMDI0XC8wNVwvQUVtcGxlbzQuanBlZyIsInNsaWRlc2hvdyI6IjI4ZjVjNmUifQ%3D%3D\">\n\t\t\t\t\t<div class=\"e-gallery-image elementor-gallery-item__image\" data-thumbnail=\"https:\/\/chia-cundinamarca.gov.co\/web\/wp-content\/uploads\/2024\/05\/AEmpleo4-300x169.jpeg\" data-width=\"300\" data-height=\"169\" aria-label=\"\" role=\"img\" ><\/div>\n\t\t\t\t\t\t\t\t\t\t\t<div class=\"elementor-gallery-item__overlay\"><\/div>\n\t\t\t\t\t\t\t\t\t\t\t\t\t\t<\/a>\n\t\t\t\t\t\t\t<a class=\"e-gallery-item elementor-gallery-item elementor-animated-content\" href=\"https:\/\/chia-cundinamarca.gov.co\/web\/wp-content\/uploads\/2024\/05\/AEmpleo3.jpeg\" data-elementor-open-lightbox=\"yes\" data-elementor-lightbox-slideshow=\"28f5c6e\" data-elementor-lightbox-title=\"AEmpleo3\" data-e-action-hash=\"#elementor-action%3Aaction%3Dlightbox%26settings%3DeyJpZCI6Nzk5OSwidXJsIjoiaHR0cHM6XC9cL2NoaWEtY3VuZGluYW1hcmNhLmdvdi5jb1wvd2ViXC93cC1jb250ZW50XC91cGxvYWRzXC8yMDI0XC8wNVwvQUVtcGxlbzMuanBlZyIsInNsaWRlc2hvdyI6IjI4ZjVjNmUifQ%3D%3D\">\n\t\t\t\t\t<div class=\"e-gallery-image elementor-gallery-item__image\" data-thumbnail=\"https:\/\/chia-cundinamarca.gov.co\/web\/wp-content\/uploads\/2024\/05\/AEmpleo3-300x169.jpeg\" data-width=\"300\" data-height=\"169\" aria-label=\"\" role=\"img\" ><\/div>\n\t\t\t\t\t\t\t\t\t\t\t<div class=\"elementor-gallery-item__overlay\"><\/div>\n\t\t\t\t\t\t\t\t\t\t\t\t\t\t<\/a>\n\t\t\t\t\t\t\t<a class=\"e-gallery-item elementor-gallery-item elementor-animated-content\" href=\"https:\/\/chia-cundinamarca.gov.co\/web\/wp-content\/uploads\/2024\/05\/AEmpleo2.jpeg\" data-elementor-open-lightbox=\"yes\" data-elementor-lightbox-slideshow=\"28f5c6e\" data-elementor-lightbox-title=\"AEmpleo2\" data-e-action-hash=\"#elementor-action%3Aaction%3Dlightbox%26settings%3DeyJpZCI6ODAwMCwidXJsIjoiaHR0cHM6XC9cL2NoaWEtY3VuZGluYW1hcmNhLmdvdi5jb1wvd2ViXC93cC1jb250ZW50XC91cGxvYWRzXC8yMDI0XC8wNVwvQUVtcGxlbzIuanBlZyIsInNsaWRlc2hvdyI6IjI4ZjVjNmUifQ%3D%3D\">\n\t\t\t\t\t<div class=\"e-gallery-image elementor-gallery-item__image\" data-thumbnail=\"https:\/\/chia-cundinamarca.gov.co\/web\/wp-content\/uploads\/2024\/05\/AEmpleo2-300x169.jpeg\" data-width=\"300\" data-height=\"169\" aria-label=\"\" role=\"img\" ><\/div>\n\t\t\t\t\t\t\t\t\t\t\t<div class=\"elementor-gallery-item__overlay\"><\/div>\n\t\t\t\t\t\t\t\t\t\t\t\t\t\t<\/a>\n\t\t\t\t\t\t\t<a class=\"e-gallery-item elementor-gallery-item elementor-animated-content\" href=\"https:\/\/chia-cundinamarca.gov.co\/web\/wp-content\/uploads\/2024\/05\/AgenciaDeempleoChia1-1.jpeg\" data-elementor-open-lightbox=\"yes\" data-elementor-lightbox-slideshow=\"28f5c6e\" data-elementor-lightbox-title=\"AgenciaDeempleoChia1\" data-e-action-hash=\"#elementor-action%3Aaction%3Dlightbox%26settings%3DeyJpZCI6ODAwMSwidXJsIjoiaHR0cHM6XC9cL2NoaWEtY3VuZGluYW1hcmNhLmdvdi5jb1wvd2ViXC93cC1jb250ZW50XC91cGxvYWRzXC8yMDI0XC8wNVwvQWdlbmNpYURlZW1wbGVvQ2hpYTEtMS5qcGVnIiwic2xpZGVzaG93IjoiMjhmNWM2ZSJ9\">\n\t\t\t\t\t<div class=\"e-gallery-image elementor-gallery-item__image\" data-thumbnail=\"https:\/\/chia-cundinamarca.gov.co\/web\/wp-content\/uploads\/2024\/05\/AgenciaDeempleoChia1-1-300x169.jpeg\" data-width=\"300\" data-height=\"169\" aria-label=\"\" role=\"img\" ><\/div>\n\t\t\t\t\t\t\t\t\t\t\t<div class=\"elementor-gallery-item__overlay\"><\/div>\n\t\t\t\t\t\t\t\t\t\t\t\t\t\t<\/a>\n\t\t\t\t\t<\/div>\n\t\t\t\t\t<\/div>\n\t\t\t\t\t<\/div>\n\t\t\t\t<\/div>\n\t\t\t\t<\/div>\n\t\t","protected":false},"excerpt":{"rendered":"<p>Se han vinculado en el a\u00f1o 112 personas.<\/p>\n","protected":false},"author":1,"featured_media":7992,"comment_status":"closed","ping_status":"closed","sticky":false,"template":"","format":"standard","meta":{"footnotes":""},"categories":[17],"tags":[750,121,751,752],"class_list":["post-7991","post","type-post","status-publish","format-standard","has-post-thumbnail","hentry","category-noticias-2024","tag-agencia-de-empleo","tag-alcalde-leonardo-donoso","tag-oferentes-y-empresas","tag-resultados-positivos"],"_links":{"self":[{"href":"https:\/\/chia-cundinamarca.gov.co\/web\/wp-json\/wp\/v2\/posts\/7991","targetHints":{"allow":["GET"]}}],"collection":[{"href":"https:\/\/chia-cundinamarca.gov.co\/web\/wp-json\/wp\/v2\/posts"}],"about":[{"href":"https:\/\/chia-cundinamarca.gov.co\/web\/wp-json\/wp\/v2\/types\/post"}],"author":[{"embeddable":true,"href":"https:\/\/chia-cundinamarca.gov.co\/web\/wp-json\/wp\/v2\/users\/1"}],"replies":[{"embeddable":true,"href":"https:\/\/chia-cundinamarca.gov.co\/web\/wp-json\/wp\/v2\/comments?post=7991"}],"version-history":[{"count":0,"href":"https:\/\/chia-cundinamarca.gov.co\/web\/wp-json\/wp\/v2\/posts\/7991\/revisions"}],"wp:featuredmedia":[{"embeddable":true,"href":"https:\/\/chia-cundinamarca.gov.co\/web\/wp-json\/wp\/v2\/media\/7992"}],"wp:attachment":[{"href":"https:\/\/chia-cundinamarca.gov.co\/web\/wp-json\/wp\/v2\/media?parent=7991"}],"wp:term":[{"taxonomy":"category","embeddable":true,"href":"https:\/\/chia-cundinamarca.gov.co\/web\/wp-json\/wp\/v2\/categories?post=7991"},{"taxonomy":"post_tag","embeddable":true,"href":"https:\/\/chia-cundinamarca.gov.co\/web\/wp-json\/wp\/v2\/tags?post=7991"}],"curies":[{"name":"wp","href":"https:\/\/api.w.org\/{rel}","templated":true}]}}