{"id":8465,"date":"2024-06-17T17:26:00","date_gmt":"2024-06-17T15:26:00","guid":{"rendered":"https:\/\/chia-cundinamarca.gov.co\/web\/?p=8465"},"modified":"2024-06-17T17:30:38","modified_gmt":"2024-06-17T15:30:38","slug":"alcalde-donoso-se-reunio-con-la-jac-del-barrio-santa-lucia","status":"publish","type":"post","link":"https:\/\/chia-cundinamarca.gov.co\/web\/2024\/06\/alcalde-donoso-se-reunio-con-la-jac-del-barrio-santa-lucia\/","title":{"rendered":"Alcalde Donoso se reuni\u00f3 con la JAC del barrio Santa Luc\u00eda"},"content":{"rendered":"\t\t<div data-elementor-type=\"wp-post\" data-elementor-id=\"8465\" class=\"elementor elementor-8465\" data-elementor-post-type=\"post\">\n\t\t\t\t<div class=\"elementor-element elementor-element-71824b35 e-flex e-con-boxed e-con e-parent\" data-id=\"71824b35\" data-element_type=\"container\" data-e-type=\"container\">\n\t\t\t\t\t<div class=\"e-con-inner\">\n\t\t\t\t<div class=\"elementor-element elementor-element-8708073 elementor-widget elementor-widget-heading\" data-id=\"8708073\" data-element_type=\"widget\" data-e-type=\"widget\" data-widget_type=\"heading.default\">\n\t\t\t\t\t<h2 class=\"elementor-heading-title elementor-size-default\">Alcalde Donoso se reuni\u00f3 con la JAC del barrio Santa Luc\u00eda<\/h2>\t\t\t\t<\/div>\n\t\t\t\t<div class=\"elementor-element elementor-element-65f3d74 elementor-widget elementor-widget-image\" data-id=\"65f3d74\" data-element_type=\"widget\" data-e-type=\"widget\" data-widget_type=\"image.default\">\n\t\t\t\t\t\t\t\t\t\t\t\t\t\t\t<img fetchpriority=\"high\" decoding=\"async\" width=\"768\" height=\"432\" src=\"https:\/\/chia-cundinamarca.gov.co\/web\/wp-content\/uploads\/2024\/06\/IEO-SantaLucia-768x432.jpeg\" class=\"attachment-medium_large size-medium_large wp-image-8466\" alt=\"Alcalde Donoso se reuni\u00f3 con la JAC del barrio Santa Luc\u00eda\" srcset=\"https:\/\/chia-cundinamarca.gov.co\/web\/wp-content\/uploads\/2024\/06\/IEO-SantaLucia-768x432.jpeg 768w, https:\/\/chia-cundinamarca.gov.co\/web\/wp-content\/uploads\/2024\/06\/IEO-SantaLucia-300x169.jpeg 300w, https:\/\/chia-cundinamarca.gov.co\/web\/wp-content\/uploads\/2024\/06\/IEO-SantaLucia-1024x576.jpeg 1024w, https:\/\/chia-cundinamarca.gov.co\/web\/wp-content\/uploads\/2024\/06\/IEO-SantaLucia-1536x864.jpeg 1536w, https:\/\/chia-cundinamarca.gov.co\/web\/wp-content\/uploads\/2024\/06\/IEO-SantaLucia-48x27.jpeg 48w, https:\/\/chia-cundinamarca.gov.co\/web\/wp-content\/uploads\/2024\/06\/IEO-SantaLucia.jpeg 1600w\" sizes=\"(max-width: 768px) 100vw, 768px\" \/>\t\t\t\t\t\t\t\t\t\t\t\t\t\t\t<\/div>\n\t\t\t\t<div class=\"elementor-element elementor-element-2557331f elementor-widget elementor-widget-text-editor\" data-id=\"2557331f\" data-element_type=\"widget\" data-e-type=\"widget\" data-widget_type=\"text-editor.default\">\n\t\t\t\t\t\t\t\t\t<div class=\"x11i5rnm xat24cr x1mh8g0r x1vvkbs xtlvy1s x126k92a\"><div dir=\"auto\">En medio de un encuentro con la Junta de Acci\u00f3n Comunal del barrio Santa Luc\u00eda el alcalde Leonardo <strong>Donoso anunci\u00f3 la llegada de la Red C\u00edvica de Apoyo, el cerramiento de un lote comunal, el embellecimiento de la Casa Comunal, la ampliaci\u00f3n de la IEO Santa Luc\u00eda y la construcci\u00f3n de un alcantarillado pluvial y la reposici\u00f3n del alcantarillado sanitario.<\/strong><\/div><div dir=\"auto\">\u00a0<\/div><\/div><div class=\"x11i5rnm xat24cr x1mh8g0r x1vvkbs xtlvy1s x126k92a\"><div dir=\"auto\">Uno de los anuncios m\u00e1s esperados por la JAC de Santa Luc\u00eda fue el inicio de la Red C\u00edvica de Apoyo la cual reforzar\u00e1 la seguridad del sector con m<strong>otorizados y personal de vigilancia adicional en la Central 123 para atender especialmente la indigencia y el microtr\u00e1fico<\/strong>. A lo anterior se suma que las bandas delincuenciales han usado el sector para instalar venta de estupefacientes aprovech\u00e1ndose de la ubicaci\u00f3n estrat\u00e9gica y sus v\u00edas de acceso.<\/div><div dir=\"auto\">\u00a0<\/div><\/div><div class=\"x11i5rnm xat24cr x1mh8g0r x1vvkbs xtlvy1s x126k92a\"><div dir=\"auto\">En concordancia con el plan de recuperaci\u00f3n de la seguridad el alcalde asegur\u00f3 que el lote comunal tendr\u00e1 un cerramiento en malla electro soldada, aspecto que permitir\u00e1 restringir el acceso de habitantes de calle y mitigar el expendio de alucin\u00f3genos.<\/div><div dir=\"auto\">\u00a0<\/div><\/div><div class=\"x11i5rnm xat24cr x1mh8g0r x1vvkbs xtlvy1s x126k92a\"><div dir=\"auto\">Respecto a la ampliaci\u00f3n de la <strong>IEO Santa Luc\u00eda<\/strong> el primer mandatario se\u00f1al\u00f3 la importancia de generar un espacio de zona verde para esta instituci\u00f3n, para lo cual anunci\u00f3 que ya ha hecho acercamientos con due\u00f1os de predios aleda\u00f1os para estudiar la posibilidad de hacer ofertas de compra.<\/div><div dir=\"auto\">\u00a0<\/div><\/div><div class=\"x11i5rnm xat24cr x1mh8g0r x1vvkbs xtlvy1s x126k92a\"><div dir=\"auto\">Otra de las dudas que fueron resueltas por el primer mandatario fue la construcci\u00f3n de un alcantarillado pluvial y la reposici\u00f3n del alcantarillado sanitario sobre la Carrera quinta con Calle 10 bajando hasta el r\u00edo Fr\u00edo, obra que elimina un vertimiento, aspecto que solucionar\u00e1 parte de los inconvenientes de servicios p\u00fablicos en el sector. Respecto a la<strong> Casa Comunal, se le har\u00e1n adecuaciones locativas<\/strong> y se espera que con los presupuestos participativos se pueda dotar de un mobiliario de las necesidades concertadas de la comunidad.<\/div><div dir=\"auto\">\u00a0<\/div><\/div><div class=\"x11i5rnm xat24cr x1mh8g0r x1vvkbs xtlvy1s x126k92a\"><div dir=\"auto\">Finalmente, Donoso le explic\u00f3 a la comunidad las ventajas de pertenecer como asociados a la Regi\u00f3n Metropolitana e invit\u00f3 a la ciudadan\u00eda a asistir este mi\u00e9rcoles a las 6:30 de la tarde al auditorio Zea mays con el fin de socializar los alivios tributarios a los deudores y temas de alumbrado p\u00fablico.<\/div><\/div>\t\t\t\t\t\t\t\t<\/div>\n\t\t\t\t\t<\/div>\n\t\t\t\t<\/div>\n\t\t\t\t<\/div>\n\t\t","protected":false},"excerpt":{"rendered":"<p>Donoso le explic\u00f3 a la comunidad las ventajas de pertenecer como asociados a la Regi\u00f3n Metropolitana e invit\u00f3 a la ciudadan\u00eda a asistir este mi\u00e9rcoles a las 6:30 de la tarde al auditorio Zea mays con el fin de socializar los alivios tributarios a los deudores y temas de alumbrado p\u00fablico.\u00a0<\/p>\n","protected":false},"author":1,"featured_media":8466,"comment_status":"closed","ping_status":"closed","sticky":false,"template":"","format":"standard","meta":{"footnotes":""},"categories":[17],"tags":[789,788,341,522],"class_list":["post-8465","post","type-post","status-publish","format-standard","has-post-thumbnail","hentry","category-noticias-2024","tag-ieo-santa-lucia","tag-lcantarillado-pluvial-y-la-reposicion-del-alcantarillado-sanitario","tag-red-civica-de-apoyo","tag-region-metropolitana"],"_links":{"self":[{"href":"https:\/\/chia-cundinamarca.gov.co\/web\/wp-json\/wp\/v2\/posts\/8465","targetHints":{"allow":["GET"]}}],"collection":[{"href":"https:\/\/chia-cundinamarca.gov.co\/web\/wp-json\/wp\/v2\/posts"}],"about":[{"href":"https:\/\/chia-cundinamarca.gov.co\/web\/wp-json\/wp\/v2\/types\/post"}],"author":[{"embeddable":true,"href":"https:\/\/chia-cundinamarca.gov.co\/web\/wp-json\/wp\/v2\/users\/1"}],"replies":[{"embeddable":true,"href":"https:\/\/chia-cundinamarca.gov.co\/web\/wp-json\/wp\/v2\/comments?post=8465"}],"version-history":[{"count":0,"href":"https:\/\/chia-cundinamarca.gov.co\/web\/wp-json\/wp\/v2\/posts\/8465\/revisions"}],"wp:featuredmedia":[{"embeddable":true,"href":"https:\/\/chia-cundinamarca.gov.co\/web\/wp-json\/wp\/v2\/media\/8466"}],"wp:attachment":[{"href":"https:\/\/chia-cundinamarca.gov.co\/web\/wp-json\/wp\/v2\/media?parent=8465"}],"wp:term":[{"taxonomy":"category","embeddable":true,"href":"https:\/\/chia-cundinamarca.gov.co\/web\/wp-json\/wp\/v2\/categories?post=8465"},{"taxonomy":"post_tag","embeddable":true,"href":"https:\/\/chia-cundinamarca.gov.co\/web\/wp-json\/wp\/v2\/tags?post=8465"}],"curies":[{"name":"wp","href":"https:\/\/api.w.org\/{rel}","templated":true}]}}