{"id":932,"date":"2023-12-30T03:14:54","date_gmt":"2023-12-30T02:14:54","guid":{"rendered":"https:\/\/chia-cundinamarca.gov.co\/web\/?p=932"},"modified":"2023-12-30T03:17:01","modified_gmt":"2023-12-30T02:17:01","slug":"11-7-localizacion-fisica-sucursales-horarios-de-atencion","status":"publish","type":"post","link":"https:\/\/chia-cundinamarca.gov.co\/web\/2023\/12\/11-7-localizacion-fisica-sucursales-horarios-de-atencion\/","title":{"rendered":"11.7 Localizaci\u00f3n F\u00edsica, sucursales, horarios de atenci\u00f3n"},"content":{"rendered":"\t\t<div data-elementor-type=\"wp-post\" data-elementor-id=\"932\" class=\"elementor elementor-932\" data-elementor-post-type=\"post\">\n\t\t\t\t<div class=\"elementor-element elementor-element-18bfc73 e-flex e-con-boxed e-con e-parent\" data-id=\"18bfc73\" data-element_type=\"container\" data-e-type=\"container\">\n\t\t\t\t\t<div class=\"e-con-inner\">\n\t\t\t\t<div class=\"elementor-element elementor-element-04d7ca6 elementor-widget elementor-widget-text-editor\" data-id=\"04d7ca6\" data-element_type=\"widget\" data-e-type=\"widget\" data-widget_type=\"text-editor.default\">\n\t\t\t\t\t\t\t\t\t<div id=\"MSOZoneCell_WebPartWPQ2\" class=\"s4-wpcell-plain ms-webpartzone-cell ms-webpart-cell-vertical ms-fullWidth \" style=\"margin: 0px; padding: 0px; color: #333333; font-family: Arial, Helvetica, Arial, sans-serif; font-size: 13px;\"><div class=\"ms-webpart-chrome ms-webpart-chrome-vertical ms-webpart-chrome-fullWidth \" style=\"margin: 0px; padding: 0px;\"><div id=\"WebPartWPQ2\" class=\"ms-WPBody noindex \" style=\"margin: 0px; padding: 0px;\"><div class=\"ms-rtestate-field\" style=\"margin: 0px; padding: 0px; text-align: justify;\"><span style=\"margin: 0px; padding: 0px; font-size: 12pt; font-family: arial, helvetica, sans-serif;\"><span class=\"ms-rteStyle-Titulo_Principal\" style=\"margin: 0px; padding: 0px;\">TRANSPARENCIA Y ACCESO A LA INFORMACI\u00d3N P\u00daBLICA<\/span><\/span><\/div><div class=\"ms-clear\" style=\"margin: 0px; padding: 0px; text-align: justify;\">\u00a0<\/div><\/div><\/div><div class=\"ms-PartSpacingVertical\" style=\"margin: 0px; padding: 0px; text-align: justify;\">\u00a0<\/div><\/div><div id=\"MSOZoneCell_WebPartWPQ1\" class=\"s4-wpcell-plain ms-webpartzone-cell ms-webpart-cell-vertical ms-fullWidth \" style=\"margin: 0px; padding: 0px; color: #333333; font-family: Arial, Helvetica, Arial, sans-serif; font-size: 13px;\"><div class=\"ms-webpart-chrome ms-webpart-chrome-vertical ms-webpart-chrome-fullWidth \" style=\"margin: 0px; padding: 0px;\"><div id=\"WebPartWPQ1\" class=\"ms-WPBody noindex \" style=\"margin: 0px; padding: 0px;\"><div class=\"ms-rtestate-field\" style=\"margin: 0px; padding: 0px;\"><p><span style=\"margin: 0px; padding: 0px; font-weight: bold;\">&#8211; Ley 1712 de 2014<\/span><span style=\"margin: 0px; padding: 0px; font-family: arial, helvetica, sans-serif; font-size: 12pt; text-align: justify;\">\u00a0&#8211; Por medio de la cual se crea la Ley de Transparencia y del Derecho de Acceso a la Informaci\u00f3n P\u00fablica Nacional y se dictan otras disposiciones.<\/span><\/p><p style=\"margin: 0px; padding: 5px 0px; text-align: justify;\"><span style=\"margin: 0px; padding: 0px; font-size: 12pt; font-family: arial, helvetica, sans-serif;\">Objeto. El objeto de la presente ley es regular el derecho de acceso a la informaci\u00f3n p\u00fablica, los procedimientos para el ejercicio y garant\u00eda del derecho y las excepciones a la publicidad de informaci\u00f3n.<\/span><\/p><p style=\"margin: 0px; padding: 5px 0px; text-align: justify;\"><span style=\"margin: 0px; padding: 0px; font-size: 12pt; font-family: arial, helvetica, sans-serif;\"><span style=\"margin: 0px; padding: 0px; font-weight: bold;\">&#8211; Decreto No. 1081 del 26 de mayo de 2015<\/span>\u00a0del Departamento Administrativo de la Presidencia de la Rep\u00fablica &#8211; Por medio del cual se expide el Decreto reglamentario \u00fanico del sector Presidencia de la Rep\u00fablica.<\/span><\/p><p style=\"margin: 0px; padding: 5px 0px; text-align: justify;\"><span style=\"margin: 0px; padding: 0px; font-size: 12pt; font-family: arial, helvetica, sans-serif;\"><span style=\"margin: 0px; padding: 0px; font-weight: bold;\">&#8211; Resoluci\u00f3n No. 3564 del 31 de Diciembre de 2015<\/span>\u00a0del Ministerio de Tecnolog\u00edas de la informaci\u00f3n y las comunicaciones &#8211; Por la cual se reglamentan los art\u00edculos 2.1.1.2.1.1, 2.1.1.2.1.11, 2.1.1.2.2.2 y el par\u00e1grafo 2 del art\u00edculo 2.1.1.3.1.1 del decreto No. 1081 de 2015<\/span><\/p><\/div><\/div><\/div><\/div>\t\t\t\t\t\t\t\t<\/div>\n\t\t\t\t\t<\/div>\n\t\t\t\t<\/div>\n\t\t<div class=\"elementor-element elementor-element-72ac219 e-flex e-con-boxed e-con e-parent\" data-id=\"72ac219\" data-element_type=\"container\" data-e-type=\"container\">\n\t\t\t\t\t<div class=\"e-con-inner\">\n\t\t\t\t<div class=\"elementor-element elementor-element-2576a35 elementor-widget elementor-widget-heading\" data-id=\"2576a35\" data-element_type=\"widget\" data-e-type=\"widget\" data-widget_type=\"heading.default\">\n\t\t\t\t\t<h2 class=\"elementor-heading-title elementor-size-default\">11.7 Localizaci\u00f3n F\u00edsica, sucursales, horarios de atenci\u00f3n<\/h2>\t\t\t\t<\/div>\n\t\t\t\t\t<\/div>\n\t\t\t\t<\/div>\n\t\t<div class=\"elementor-element elementor-element-4d06824 e-flex e-con-boxed e-con e-parent\" data-id=\"4d06824\" data-element_type=\"container\" data-e-type=\"container\">\n\t\t\t\t\t<div class=\"e-con-inner\">\n\t\t\t\t<div class=\"elementor-element elementor-element-55807fb elementor-widget elementor-widget-text-editor\" data-id=\"55807fb\" data-element_type=\"widget\" data-e-type=\"widget\" data-widget_type=\"text-editor.default\">\n\t\t\t\t\t\t\t\t\t<p><strong>Horarios de atenci\u00f3n al p\u00fablico:<\/strong>\u00a0Lunes a Viernes de 8:00 am a 5:00 pm en jornada continua<\/p><p><strong>Localizaci\u00f3n f\u00edsica:<\/strong>\u00a0Palacio Municipal Carrera 11 # 11-29\u00a0<\/p><p><strong>Sedes:<\/strong><\/p><table border=\"2\"><tbody><tr><td>Cra. 7 N\u00b0 12 &#8211; 100<\/td><td><p>*Secretar\u00eda de Gobierno<\/p><p>*Secretar\u00eda de Medio Ambiente<\/p><p>*Secretar\u00eda de Participaci\u00f3n Ciudadana<\/p><p>*Oficina de las TIC<\/p><p>*Oficina de Comunicaci\u00f3n, Prensa y Protocolo\u00a0 \u00a0 \u00a0 \u00a0 \u00a0 \u00a0 \u00a0 \u00a0 \u00a0 \u00a0 \u00a0 \u00a0 \u00a0<\/p><\/td><\/tr><tr><td>Cra. 10 N\u00b0 8 &#8211; 80<\/td><td><p>*Secretar\u00eda de Educaci\u00f3n<\/p><p>*Secretar\u00eda de Salud<\/p><p>*Secretar\u00eda para el Desarrollo Econ\u00f3mico\u00a0<\/p><\/td><\/tr><tr><td>Carrera 11 # 11-69\u00a0<\/td><td><p>*Departamento Administrativo de Planeaci\u00f3n<\/p><p>*Oficina de Atenci\u00f3n al Ciudadano<\/p><p>*Oficina de Gesti\u00f3n Documental<\/p><\/td><\/tr><tr><td>Carrera 7 # 15-51<\/td><td><p>*Secretar\u00eda de Desarrollo Social<\/p><p>*Biblioteca<\/p><\/td><\/tr><tr><td>Diagonal 17 N\u00b0 9 &#8211; 108<\/td><td><article><aside><p>*Secretar\u00eda de Movilidad (Piso 1)<\/p><p>*Secretar\u00eda de Obras P\u00fablicas (Piso 2)<\/p><\/aside><\/article><\/td><\/tr><tr><td>Diagonal 17 con carrera 7<\/td><td><p>*Casa\u00a0de la Cultura\u00a0<\/p><\/td><\/tr><tr><td>Calle 13 # 10-46<\/td><td><p>*Casa\u00a0de Justicia<\/p><\/td><\/tr><tr><td>Calle 29 con carrera 2 Vereda Bojac\u00e1 Mercedes de Calahorra\u00a0<\/td><td><p>*Casa de Justicia Alterna<\/p><\/td><\/tr><\/tbody><\/table>\t\t\t\t\t\t\t\t<\/div>\n\t\t\t\t<div class=\"elementor-element elementor-element-b39594c elementor-align-center elementor-widget elementor-widget-button\" data-id=\"b39594c\" data-element_type=\"widget\" data-e-type=\"widget\" data-widget_type=\"button.default\">\n\t\t\t\t\t\t\t\t\t\t<a class=\"elementor-button elementor-button-link elementor-size-sm\" href=\"https:\/\/chia-cundinamarca.gov.co\/web\/transparencia-y-acceso-a-la-informacion-publica\/\">\n\t\t\t\t\t\t<span class=\"elementor-button-content-wrapper\">\n\t\t\t\t\t\t\t\t\t<span class=\"elementor-button-text\">volver al men\u00fa de transparencia<\/span>\n\t\t\t\t\t<\/span>\n\t\t\t\t\t<\/a>\n\t\t\t\t\t\t\t\t<\/div>\n\t\t\t\t\t<\/div>\n\t\t\t\t<\/div>\n\t\t\t\t<\/div>\n\t\t","protected":false},"excerpt":{"rendered":"<p>TRANSPARENCIA Y ACCESO A LA INFORMACI\u00d3N P\u00daBLICA\u00a0\u00a0 &#8211; Ley 1712 de 2014\u00a0&#8211; Por medio de la cual se crea la Ley de Transparencia y del Derecho de Acceso a la Informaci\u00f3n P\u00fablica Nacional y se dictan otras disposiciones. Objeto. El objeto de la presente ley es regular el derecho de acceso a la informaci\u00f3n p\u00fablica, [&hellip;]<\/p>\n","protected":false},"author":1,"featured_media":0,"comment_status":"closed","ping_status":"closed","sticky":false,"template":"","format":"standard","meta":{"footnotes":""},"categories":[1],"tags":[],"class_list":["post-932","post","type-post","status-publish","format-standard","hentry","category-sin-categoria"],"_links":{"self":[{"href":"https:\/\/chia-cundinamarca.gov.co\/web\/wp-json\/wp\/v2\/posts\/932","targetHints":{"allow":["GET"]}}],"collection":[{"href":"https:\/\/chia-cundinamarca.gov.co\/web\/wp-json\/wp\/v2\/posts"}],"about":[{"href":"https:\/\/chia-cundinamarca.gov.co\/web\/wp-json\/wp\/v2\/types\/post"}],"author":[{"embeddable":true,"href":"https:\/\/chia-cundinamarca.gov.co\/web\/wp-json\/wp\/v2\/users\/1"}],"replies":[{"embeddable":true,"href":"https:\/\/chia-cundinamarca.gov.co\/web\/wp-json\/wp\/v2\/comments?post=932"}],"version-history":[{"count":0,"href":"https:\/\/chia-cundinamarca.gov.co\/web\/wp-json\/wp\/v2\/posts\/932\/revisions"}],"wp:attachment":[{"href":"https:\/\/chia-cundinamarca.gov.co\/web\/wp-json\/wp\/v2\/media?parent=932"}],"wp:term":[{"taxonomy":"category","embeddable":true,"href":"https:\/\/chia-cundinamarca.gov.co\/web\/wp-json\/wp\/v2\/categories?post=932"},{"taxonomy":"post_tag","embeddable":true,"href":"https:\/\/chia-cundinamarca.gov.co\/web\/wp-json\/wp\/v2\/tags?post=932"}],"curies":[{"name":"wp","href":"https:\/\/api.w.org\/{rel}","templated":true}]}}